{"id":112,"date":"2008-01-17T20:49:31","date_gmt":"2008-01-18T00:49:31","guid":{"rendered":"http:\/\/www.soniamoura.com.br\/?p=112"},"modified":"2008-01-20T18:06:52","modified_gmt":"2008-01-20T22:06:52","slug":"unus-versus","status":"publish","type":"post","link":"http:\/\/www.soniamoura.com.br\/?p=112","title":{"rendered":"UNUS + VERSUS"},"content":{"rendered":"<p><a TITLE=\"Grand Universe, by Gary Tonge\" TARGET=\"_blank\" HREF=\"http:\/\/antifan-real.deviantart.com\/art\/Grand-Universe-17189369\"><img ALT=\"Grand Universe, by Gary Tonge\" SRC=\"http:\/\/www.soniamoura.com.br\/wp-content\/uploads\/2008\/01\/cosmos01.jpg\" \/><\/a><\/p>\n<p>O que j\u00e1 tem verso no nome<\/p>\n<p>Que \u00e9 um e ao mesmo tempo \u00e9 todo<\/p>\n<p>Certamente \u00e9 filho, pai, irm\u00e3o, irm\u00e3 e m\u00e3e<\/p>\n<p>do som e da poesia<\/p>\n<p>N\u00e3o nasceu do todo, nem do um<\/p>\n<p>Pois nasce todo dia<\/p>\n<p>Pelo som do vento<\/p>\n<p>Nos versos da can\u00e7\u00e3o<\/p>\n<p>No som dos risos ou dos prantos<\/p>\n<p>No poema de amor<\/p>\n<p>O barulho da chuva no ch\u00e3o<\/p>\n<p>O ronronar dos gatos no  telhado<\/p>\n<p>O som do vulc\u00e3o enraivecido<\/p>\n<p>O som de flor ao ser despertada<\/p>\n<p>O barulho das pisadas na areia<\/p>\n<p>O estouro louco da boiada<\/p>\n<p>\u00c9 o som \u201cbig-ben\u201dque ainda ecoa<\/p>\n<p>Espalhando   sons e  poesias<\/p>\n<p>Que formam o universo<\/p>\n<p>O olhar de quem ama \u00e9 pura poesia<\/p>\n<p>O gemido do gozo \u00e9 poesia mim\u00e9tica<\/p>\n<p>O barulho das ondas \u00e9 m\u00fasica po\u00e9tica<\/p>\n<p>Pelo som de um violino, de um pandeiro,<\/p>\n<p>De um piano ou de um tambor maneiro<\/p>\n<p>O universo desperta em alegria<\/p>\n<p>Mas, sempre o seu som vem primeiro<\/p>\n<p>A vida \u00e9 cheia de sons, de cores e poesia<\/p>\n<p>Para que o universo renas\u00e7a a cada dia<\/p>\n<p>A cigarra canta, o sabi\u00e1 responde,<\/p>\n<p>Enquanto o coro da igreja anuncia<\/p>\n<p>Algu\u00e9m que j\u00e1 chega, algu\u00e9m que se casa<\/p>\n<p>Este \u00e9 o som do universo renovado<\/p>\n<p>O sino da igreja badalou anunciando<\/p>\n<p>A morte , a dor de uma partida<\/p>\n<p>\u00c9 o universo chorando a despedida<\/p>\n<p>De cor em cor, de som em som<\/p>\n<p>No universo<\/p>\n<p>Tudo \u00e9 m\u00fasica e poesia<\/p>\n<p>(Do livro <strong>POEM\u00c1GICAS<\/strong> de S\u00d4NIA MOURA)<\/p>\n","protected":false},"excerpt":{"rendered":"<p>O que j\u00e1 tem verso no nome Que \u00e9 um e ao mesmo tempo \u00e9 todo Certamente \u00e9 filho, pai, irm\u00e3o, irm\u00e3 e m\u00e3e do som e da poesia N\u00e3o nasceu do todo, nem do um Pois nasce todo dia Pelo som do vento Nos versos da can\u00e7\u00e3o No som dos risos ou dos prantos [&hellip;]<\/p>\n","protected":false},"author":1,"featured_media":0,"comment_status":"open","ping_status":"open","sticky":false,"template":"","format":"standard","meta":{"spay_email":"","jetpack_publicize_message":"","jetpack_is_tweetstorm":false},"categories":[2],"tags":[],"jetpack_featured_media_url":"","jetpack_publicize_connections":[],"jetpack_sharing_enabled":true,"jetpack_shortlink":"https:\/\/wp.me\/pmZuW-1O","jetpack-related-posts":[{"id":1878,"url":"http:\/\/www.soniamoura.com.br\/?p=1878","url_meta":{"origin":112,"position":0},"title":"FANTASIA","date":"23 novembro 2012","format":false,"excerpt":"\u00a0 FANTASIA\u00a0 (Autoria: S\u00f4nia Moura) Procure assimilar o som Da mais urdida poesia Que invadiu minha alma vazia Para que, juntos, dentro De algum c\u00edrculo vicioso, O\u00a0qual a luz atravessa Todas as dimens\u00f5es da alegria Possamos gozar do que nos oferece A realidade da nossa fantasia Da obra: Coisas de\u2026","rel":"","context":"Em &quot;Livros&quot;","img":{"alt_text":"","src":"","width":0,"height":0},"classes":[]},{"id":1315,"url":"http:\/\/www.soniamoura.com.br\/?p=1315","url_meta":{"origin":112,"position":1},"title":"POESIA e MELODIA","date":"3 agosto 2010","format":false,"excerpt":"POESIA e MELODIA \"A poesia \u00e9 o eco da melodia do universo no cora\u00e7\u00e3o dos humanos.\" (Rab\u00edndran\u00e1th Th\u00e1khur, ocidentalizado Rabindranath Tagore ) PARTE I \u2013 \u00a0Versos L\u00edricos \u00a0 Uma das maneiras de se distinguir a poesia l\u00edrica das outras duas formas de poesia \u2013 a \u00e9pica e a dram\u00e1tica \u2013\u2026","rel":"","context":"Em &quot;Ensaios&quot;","img":{"alt_text":"","src":"","width":0,"height":0},"classes":[]},{"id":1576,"url":"http:\/\/www.soniamoura.com.br\/?p=1576","url_meta":{"origin":112,"position":2},"title":"O RITMO DA POESIA","date":"8 maio 2011","format":false,"excerpt":"\u00a0 \u00a0O RITMO DA POESIA\u00a0 (Autoria: S\u00f4nia Moura) \u00a0Em qualquer atividade humana o ritmo \u00e9 essencial e necess\u00e1rio, pois, \u00e9 o ritmo que d\u00e1 o andamento de cada atividade e \u00e9 ele tamb\u00e9m que alimenta a criatividade art\u00edstica, uma vez que tudo \u00e9 marcado, vivido e sentido por meio de\u00a0\u2026","rel":"","context":"Em &quot;Ensaios&quot;","img":{"alt_text":"","src":"","width":0,"height":0},"classes":[]},{"id":1099,"url":"http:\/\/www.soniamoura.com.br\/?p=1099","url_meta":{"origin":112,"position":3},"title":"O RITMO DA POESIA","date":"9 janeiro 2010","format":false,"excerpt":"\u00a0 \u00a0 O RITMO DA POESIA\u00a0 (Autoria: S\u00f4nia Moura) \u00a0 Em qualquer atividade humana o ritmo \u00e9 essencial e necess\u00e1rio, pois, \u00e9 o ritmo que d\u00e1 o andamento de cada atividade e \u00e9 ele tamb\u00e9m que alimenta a criatividade art\u00edstica, uma vez que tudo \u00e9 marcado, vivido e sentido por\u2026","rel":"","context":"Em &quot;Ensaios&quot;","img":{"alt_text":"","src":"","width":0,"height":0},"classes":[]},{"id":1973,"url":"http:\/\/www.soniamoura.com.br\/?p=1973","url_meta":{"origin":112,"position":4},"title":"ADVERBIAIS","date":"12 abril 2013","format":false,"excerpt":"\u00a0 ADVERBIAIS (por S\u00f4nia Moura) S\u00f3 diga \"Eu te amo\", Quando, de fato, estiver amando Ou Se, de fato, estiver amando Ou Enquanto ainda estiver amando (Da obra: POESIA dia a dia de S\u00f4nia Moura)","rel":"","context":"Em &quot;Livros&quot;","img":{"alt_text":"","src":"","width":0,"height":0},"classes":[]},{"id":2263,"url":"http:\/\/www.soniamoura.com.br\/?p=2263","url_meta":{"origin":112,"position":5},"title":"M\u00e3e \u00e9 tudo isso","date":"10 maio 2015","format":false,"excerpt":"\u00a0 \u00a0M\u00c3E \u00c9 TUDO ISSO (por S\u00f4nia Moura) \u00a0 M\u00e3e \u00e9 concha Que guarda e liberta M\u00e3e \u00e9 boba e \u00e9 esperta \u00c9 sil\u00eancio e \u00e9 barulho \u00c9 claridade e \u00e9 escuro Quando a um filho Precisa defender \u00c9 pedra e \u00e9 bicho \u2013 fera Mas \u00e9 algod\u00e3o e beija-flor,\u2026","rel":"","context":"Em &quot;Livros&quot;","img":{"alt_text":"","src":"https:\/\/i1.wp.com\/www.soniamoura.com.br\/wp-content\/uploads\/2015\/05\/almadeflores-300x255.jpg?resize=350%2C200","width":350,"height":200},"classes":[]}],"_links":{"self":[{"href":"http:\/\/www.soniamoura.com.br\/index.php?rest_route=\/wp\/v2\/posts\/112"}],"collection":[{"href":"http:\/\/www.soniamoura.com.br\/index.php?rest_route=\/wp\/v2\/posts"}],"about":[{"href":"http:\/\/www.soniamoura.com.br\/index.php?rest_route=\/wp\/v2\/types\/post"}],"author":[{"embeddable":true,"href":"http:\/\/www.soniamoura.com.br\/index.php?rest_route=\/wp\/v2\/users\/1"}],"replies":[{"embeddable":true,"href":"http:\/\/www.soniamoura.com.br\/index.php?rest_route=%2Fwp%2Fv2%2Fcomments&post=112"}],"version-history":[{"count":0,"href":"http:\/\/www.soniamoura.com.br\/index.php?rest_route=\/wp\/v2\/posts\/112\/revisions"}],"wp:attachment":[{"href":"http:\/\/www.soniamoura.com.br\/index.php?rest_route=%2Fwp%2Fv2%2Fmedia&parent=112"}],"wp:term":[{"taxonomy":"category","embeddable":true,"href":"http:\/\/www.soniamoura.com.br\/index.php?rest_route=%2Fwp%2Fv2%2Fcategories&post=112"},{"taxonomy":"post_tag","embeddable":true,"href":"http:\/\/www.soniamoura.com.br\/index.php?rest_route=%2Fwp%2Fv2%2Ftags&post=112"}],"curies":[{"name":"wp","href":"https:\/\/api.w.org\/{rel}","templated":true}]}}