{"id":109,"date":"2008-01-11T19:43:55","date_gmt":"2008-01-11T23:43:55","guid":{"rendered":"http:\/\/www.soniamoura.com.br\/?p=109"},"modified":"2008-01-12T19:43:56","modified_gmt":"2008-01-12T23:43:56","slug":"a-escadaria","status":"publish","type":"post","link":"http:\/\/www.soniamoura.com.br\/?p=109","title":{"rendered":"A escadaria"},"content":{"rendered":"<p><img ALT=\"escadasjpg.jpeg\" SRC=\"http:\/\/www.soniamoura.com.br\/wp-content\/uploads\/2008\/01\/escadasjpg.jpeg\" \/><\/p>\n<p>Havia muito pouco tempo que ela sa\u00edra do orfanato, no qual estivera por 13 anos. L\u00e1 viveu seus primeiros anos e naquela casa seus caminhos come\u00e7aram a ser tra\u00e7ados. Aprendeu a amar as artes, as plantas, as pessoas e a vida. No pouco tempo fora do ninho, a maior vontade era para l\u00e1 voltar. Como o mundo aqui fora era diferente, dif\u00edcil. Sentia-se muito, mas muito s\u00f3, mas continuava a crer na vida.<\/p>\n<p>Fora morar com os tios no Leblon. Uma noite a levaram a uma festa no Humait\u00e1. At\u00e9 hoje ela se lembra do momento em que subiu a linda escadaria daquele pr\u00e9dio majestoso e, num dos degraus viu uma conta azul reluzente, apanhou-o e a tem at\u00e9 hoje. Nunca mais se lembrou da festa, das dan\u00e7as, lembra-se vagamente que tocaram uma m\u00fasica dos Beatles, mas da escadaria lembra-se de cada detalhe.<\/p>\n<p>Um dia descobriu, aquela escadaria lembrava a primeira vez que subira a escadaria do orfanato, com muitas meninas cantando s\u00f3 para ela, foi a primeira vez na vida que se sentiu amada.<\/p>\n<p><em><strong>(Do livro Contos e Contas de S\u00f4nia Moura)<\/strong><\/em><\/p>\n","protected":false},"excerpt":{"rendered":"<p>Havia muito pouco tempo que ela sa\u00edra do orfanato, no qual estivera por 13 anos. L\u00e1 viveu seus primeiros anos e naquela casa seus caminhos come\u00e7aram a ser tra\u00e7ados. Aprendeu a amar as artes, as plantas, as pessoas e a vida. No pouco tempo fora do ninho, a maior vontade era para l\u00e1 voltar. Como [&hellip;]<\/p>\n","protected":false},"author":1,"featured_media":0,"comment_status":"open","ping_status":"open","sticky":false,"template":"","format":"standard","meta":{"spay_email":"","jetpack_publicize_message":"","jetpack_is_tweetstorm":false},"categories":[3],"tags":[],"jetpack_featured_media_url":"","jetpack_publicize_connections":[],"jetpack_sharing_enabled":true,"jetpack_shortlink":"https:\/\/wp.me\/pmZuW-1L","jetpack-related-posts":[{"id":67,"url":"http:\/\/www.soniamoura.com.br\/?p=67","url_meta":{"origin":109,"position":0},"title":"A mo\u00e7a e o touro","date":"22 novembro 2007","format":false,"excerpt":"\u00a0Angelina era uma mo\u00e7a t\u00e3o doce, mas t\u00e3o doce, que alguns diziam que sua do\u00e7ura chegava a enjoar. Mas Angelina era assim mesmo, parecia viver em outro mundo, n\u00e3o se enquadrava nos ditames dos novos tempos, que ela achava serem t\u00e3o frios. E assim seguia a vida. A mo\u00e7a resolveu\u2026","rel":"","context":"Em &quot;Contos&quot;","img":{"alt_text":"","src":"https:\/\/i0.wp.com\/www.belaspoesias.kit.net\/imagens\/touro.jpg?resize=350%2C200","width":350,"height":200},"classes":[]},{"id":369,"url":"http:\/\/www.soniamoura.com.br\/?p=369","url_meta":{"origin":109,"position":1},"title":"O CONVITE","date":"24 setembro 2008","format":false,"excerpt":"O Convite (Autoria: S\u00f4nia Moura) H\u00e1 quase dois anos Regina namorava Guilherme, conheceram-se durante uma viagem de neg\u00f3cios que fizeram a S\u00e3o Paulo. O tempo passara muito rapidamente, eram os dois anos mais felizes da vida daquela linda morena de cabelos negros e anelados e de grandes olhos azuis. Guilherme\u2026","rel":"","context":"Em &quot;Contos&quot;","img":{"alt_text":"","src":"","width":0,"height":0},"classes":[]},{"id":334,"url":"http:\/\/www.soniamoura.com.br\/?p=334","url_meta":{"origin":109,"position":2},"title":"AFRODITE E AS ROSAS","date":"2 setembro 2008","format":false,"excerpt":"AFRODITE E AS ROSAS \u00a0 \u00a0 \u00a0 \u00a0 \u00a0 \u00a0 \u00a0 \u00a0 \u00a0 \u00a0 \u00a0 \u00a0 \u00a0 \u00a0 \u00a0 \u00a0 (Autoria: S\u00d4NIA MOURA) Carregava nos bra\u00e7os as marcas de um tempo em que em seu leito, tal qual o leito de um rio, via passar encantos e encantadores de ilus\u00e3o,\u2026","rel":"","context":"Em &quot;Contos&quot;","img":{"alt_text":"","src":"","width":0,"height":0},"classes":[]},{"id":313,"url":"http:\/\/www.soniamoura.com.br\/?p=313","url_meta":{"origin":109,"position":3},"title":"O SONHO","date":"11 agosto 2008","format":false,"excerpt":"O Sonho \u00a0 \u00a0 \u00a0 \u00a0 \u00a0 \u00a0 \u00a0 \u00a0 \u00a0 \u00a0(Autoria: S\u00d4NIA MOURA) Meus filhos e meus netos est\u00e3o dizendo que eu estava dormindo. Qual! Eu estava sonhando. E que sonho! Sabe, Cleo, era um sonho lindo, mas lindo demais. Sabe o Alfredo, sabe, \u00e9 aquele mesmo, lembra dele?\u2026","rel":"","context":"Em &quot;Contos&quot;","img":{"alt_text":"","src":"","width":0,"height":0},"classes":[]},{"id":425,"url":"http:\/\/www.soniamoura.com.br\/?p=425","url_meta":{"origin":109,"position":4},"title":"EFEITO DOMIN\u00d3","date":"24 outubro 2008","format":false,"excerpt":"EFEITO DOMIN\u00d3 (Autoria: S\u00f4nia Moura) Um mo\u00e7o, em dia de f\u00faria, de loucura e descontrole total, prende uma linda jovem na torre dela, porque ele j\u00e1 estava completamente preso \u00e0 sua insanidade, que o levar\u00e1 \u00e0 pris\u00e3o material e acabar\u00e1 com sua vida, para sempre,pois nunca mais ele ser\u00e1 o\u2026","rel":"","context":"Post similar","img":{"alt_text":"","src":"","width":0,"height":0},"classes":[]},{"id":1341,"url":"http:\/\/www.soniamoura.com.br\/?p=1341","url_meta":{"origin":109,"position":5},"title":"A ON\u00c7A E A ROSA","date":"4 setembro 2010","format":false,"excerpt":"\u00a0 A ON\u00c7A E A ROSA\u00a0 (Autoria: S\u00d4NIA MOURA) \u00a0 Era uma on\u00e7a muito brava, era o que todos diziam. Al\u00e9m de muito brava mesmo, a tal on\u00e7a era tamb\u00e9m arisca e muito gulosa, devorava tudo o que encontrava pela frente. A on\u00e7a desta hist\u00f3ria fazia tremer o mais valente\u2026","rel":"","context":"Em &quot;Contos&quot;","img":{"alt_text":"","src":"","width":0,"height":0},"classes":[]}],"_links":{"self":[{"href":"http:\/\/www.soniamoura.com.br\/index.php?rest_route=\/wp\/v2\/posts\/109"}],"collection":[{"href":"http:\/\/www.soniamoura.com.br\/index.php?rest_route=\/wp\/v2\/posts"}],"about":[{"href":"http:\/\/www.soniamoura.com.br\/index.php?rest_route=\/wp\/v2\/types\/post"}],"author":[{"embeddable":true,"href":"http:\/\/www.soniamoura.com.br\/index.php?rest_route=\/wp\/v2\/users\/1"}],"replies":[{"embeddable":true,"href":"http:\/\/www.soniamoura.com.br\/index.php?rest_route=%2Fwp%2Fv2%2Fcomments&post=109"}],"version-history":[{"count":0,"href":"http:\/\/www.soniamoura.com.br\/index.php?rest_route=\/wp\/v2\/posts\/109\/revisions"}],"wp:attachment":[{"href":"http:\/\/www.soniamoura.com.br\/index.php?rest_route=%2Fwp%2Fv2%2Fmedia&parent=109"}],"wp:term":[{"taxonomy":"category","embeddable":true,"href":"http:\/\/www.soniamoura.com.br\/index.php?rest_route=%2Fwp%2Fv2%2Fcategories&post=109"},{"taxonomy":"post_tag","embeddable":true,"href":"http:\/\/www.soniamoura.com.br\/index.php?rest_route=%2Fwp%2Fv2%2Ftags&post=109"}],"curies":[{"name":"wp","href":"https:\/\/api.w.org\/{rel}","templated":true}]}}