{"id":101,"date":"2008-01-06T17:45:23","date_gmt":"2008-01-06T21:45:23","guid":{"rendered":"http:\/\/www.soniamoura.com.br\/?p=101"},"modified":"2008-01-07T07:03:31","modified_gmt":"2008-01-07T11:03:31","slug":"pela-estrada-a-fora","status":"publish","type":"post","link":"http:\/\/www.soniamoura.com.br\/?p=101","title":{"rendered":"Pela estrada afora&#8230;"},"content":{"rendered":"<p><img ALT=\"lotusjpg.jpeg\" SRC=\"http:\/\/www.soniamoura.com.br\/wp-content\/uploads\/2008\/01\/lotusjpg.jpeg\" \/><\/p>\n<p>Eu encontrei algu\u00e9m numa esquina do mundo<br \/>\nN\u00e3o sei seu  nome ou o nome daquele lugar,<br \/>\nApenas me lembro de que ali havia a nascente de um rio<br \/>\nE por seu leito descemos, at\u00e9 encontrar a mais linda flor de l\u00f3tus<br \/>\nT\u00e3o linda e t\u00e3o suave que brilhava ao luar<\/p>\n<p>Olhei em seus olhos e vi a paz a me olhar<br \/>\nSuas m\u00e3os seguraram a minha. Fazia frio<br \/>\nMas ele estava ali para com seu carinho me aquecer<br \/>\nE assim dormimos abra\u00e7ados, e nos permitimos  sonhar<\/p>\n<p>O sol chegou, e eu sem resistir<br \/>\nContinuei com ele a caminhar<br \/>\nEmbrenhamo-nos por uma floresta tardia<br \/>\nSubimos montanhas, brincamos com macacos<br \/>\nOlhamos o c\u00e9u, escutamos o mar<\/p>\n<p>E prosseguimos viagem sem para tr\u00e1s olhar<br \/>\nTudo era t\u00e3o calmo em sua companhia e<br \/>\nAinda que a chuva molhasse nossos dias<br \/>\nUm sol nascido do amor nos aquecia<br \/>\nE muitas alegrias minavam nossa estrada<br \/>\nE segu\u00edamos sem medo de nada<\/p>\n<p>E\u00a0nos\u00a0descobrimos\u00a0nesta\u00a0 longa estrada&#8230;<\/p>\n<p>(Do\u00a0livro\u00a0<strong>POEM\u00c1GICAS\u00a0<\/strong>de\u00a0S\u00f4nia\u00a0Moura)<\/p>\n","protected":false},"excerpt":{"rendered":"<p>Eu encontrei algu\u00e9m numa esquina do mundo N\u00e3o sei seu nome ou o nome daquele lugar, Apenas me lembro de que ali havia a nascente de um rio E por seu leito descemos, at\u00e9 encontrar a mais linda flor de l\u00f3tus T\u00e3o linda e t\u00e3o suave que brilhava ao luar Olhei em seus olhos e [&hellip;]<\/p>\n","protected":false},"author":1,"featured_media":0,"comment_status":"open","ping_status":"open","sticky":false,"template":"","format":"standard","meta":{"spay_email":"","jetpack_publicize_message":"","jetpack_is_tweetstorm":false},"categories":[2],"tags":[],"jetpack_featured_media_url":"","jetpack_publicize_connections":[],"jetpack_sharing_enabled":true,"jetpack_shortlink":"https:\/\/wp.me\/pmZuW-1D","jetpack-related-posts":[{"id":1013,"url":"http:\/\/www.soniamoura.com.br\/?p=1013","url_meta":{"origin":101,"position":0},"title":"IR(REAL)","date":"18 novembro 2009","format":false,"excerpt":"\u00a0 \u00a0 \u00a0 \u00a0 \u00a0(IR)REAL\u00a0 (Autoria: S\u00f4nia Moura) \u00a0Numa estrada deserta, encontrei um mascarado. Assustei-me, n\u00e3o por medo, assustei-me pelo deserto da estrada e pela incompatibilidade da data e da m\u00e1scara. Era julho e n\u00e3o era carnaval. Olhando-me por tr\u00e1s de sua m\u00e1scara dourada como o sol do meio-dia, a\u2026","rel":"","context":"Em &quot;Contos&quot;","img":{"alt_text":"","src":"","width":0,"height":0},"classes":[]},{"id":2059,"url":"http:\/\/www.soniamoura.com.br\/?p=2059","url_meta":{"origin":101,"position":1},"title":"(IR)REAL","date":"3 mar\u00e7o 2014","format":false,"excerpt":"(IR)REAL (Autoria: S\u00f4nia Moura) Numa estrada deserta, encontrei um mascarado. Assustei-me, n\u00e3o por medo, assustei-me pelo deserto da estrada e pela incompatibilidade da data e da m\u00e1scara. Era julho e n\u00e3o era carnaval. Olhando-me por tr\u00e1s de sua m\u00e1scara dourada como o sol do meio-dia, a voz saiu-lhe calma e\u2026","rel":"","context":"Post similar","img":{"alt_text":"","src":"","width":0,"height":0},"classes":[]},{"id":2588,"url":"http:\/\/www.soniamoura.com.br\/?p=2588","url_meta":{"origin":101,"position":2},"title":"FLOR MATREIRA","date":"13 abril 2020","format":false,"excerpt":"Eram muitos olhos luzindo, far\u00f3is apreensivos, todos lan\u00e7ados a uma s\u00f3 dire\u00e7\u00e3o. Todos os clar\u00f5es jogavam-se sobre a flor ali, desmaiada, a implorar a chama de todo olhar... Linda, p\u00e1lida e com um sorriso a aflorar, p\u00e9talas ao vento a bailar, era uma pintura e o mundo seu altar. O\u2026","rel":"","context":"Post similar","img":{"alt_text":"","src":"https:\/\/i1.wp.com\/www.soniamoura.com.br\/wp-content\/uploads\/2015\/05\/almadeflores-300x255.jpg?resize=350%2C200","width":350,"height":200},"classes":[]},{"id":508,"url":"http:\/\/www.soniamoura.com.br\/?p=508","url_meta":{"origin":101,"position":3},"title":"O UNIC\u00d3RNIO","date":"2 dezembro 2008","format":false,"excerpt":"O UNIC\u00d3RNIO (Autoria: S\u00f4nia Moura) Branco como a luz do luar, o unic\u00f3rnio docemente contemplava a flor azul nascida naquela manh\u00e3 de primavera. O cheiro que ela desprendia era inebriante e ele se encantara com aquele azul que bordava as p\u00e9talas da (re)nascida. N\u00e3o queria colh\u00ea-la , mas tamb\u00e9m n\u00e3o\u2026","rel":"","context":"Em &quot;Contos&quot;","img":{"alt_text":"","src":"","width":0,"height":0},"classes":[]},{"id":1467,"url":"http:\/\/www.soniamoura.com.br\/?p=1467","url_meta":{"origin":101,"position":4},"title":"SOLID\u00c3O","date":"1 janeiro 2011","format":false,"excerpt":"\u00a0 SOLID\u00c3O (Autoria: S\u00f4nia Moura) Solid\u00e3o, solid\u00e3o, solid\u00e3o Amargura que destempera a alma Esmaga as v\u00edsceras Dilacera o cora\u00e7\u00e3o E estra\u00e7alha a alegria Incitando a dor Zombando do amor Solid\u00e3o, solid\u00e3o, solid\u00e3o Invasora que se une ao desencanto Para deixar que a alma vadia Se perca numa estrada vazia Caminhando\u2026","rel":"","context":"Em &quot;Livros&quot;","img":{"alt_text":"","src":"","width":0,"height":0},"classes":[]},{"id":696,"url":"http:\/\/www.soniamoura.com.br\/?p=696","url_meta":{"origin":101,"position":5},"title":"SALVE, JORGE!","date":"23 abril 2009","format":false,"excerpt":"\u00a0 \u00a0 \u00a0SALVE, \u00a0JORGE! (Autoria: S\u00d5NIA MOURA) \u00a0 \u00a0 \u00a0 \u00a0 H\u00e1 outros santos guerreiros, mas Jorge \u00e9, certamente, o mais cultuado entre n\u00f3s. Na intimidade, apenas Jorge, S\u00e3o Jorge tem a simpatia de todos os guerreiros, que lutam para alcan\u00e7arem suas metas, todos t\u00eam a prote\u00e7\u00e3o de S\u00e3o Jorge.\u2026","rel":"","context":"Em &quot;Mensagens&quot;","img":{"alt_text":"","src":"","width":0,"height":0},"classes":[]}],"_links":{"self":[{"href":"http:\/\/www.soniamoura.com.br\/index.php?rest_route=\/wp\/v2\/posts\/101"}],"collection":[{"href":"http:\/\/www.soniamoura.com.br\/index.php?rest_route=\/wp\/v2\/posts"}],"about":[{"href":"http:\/\/www.soniamoura.com.br\/index.php?rest_route=\/wp\/v2\/types\/post"}],"author":[{"embeddable":true,"href":"http:\/\/www.soniamoura.com.br\/index.php?rest_route=\/wp\/v2\/users\/1"}],"replies":[{"embeddable":true,"href":"http:\/\/www.soniamoura.com.br\/index.php?rest_route=%2Fwp%2Fv2%2Fcomments&post=101"}],"version-history":[{"count":0,"href":"http:\/\/www.soniamoura.com.br\/index.php?rest_route=\/wp\/v2\/posts\/101\/revisions"}],"wp:attachment":[{"href":"http:\/\/www.soniamoura.com.br\/index.php?rest_route=%2Fwp%2Fv2%2Fmedia&parent=101"}],"wp:term":[{"taxonomy":"category","embeddable":true,"href":"http:\/\/www.soniamoura.com.br\/index.php?rest_route=%2Fwp%2Fv2%2Fcategories&post=101"},{"taxonomy":"post_tag","embeddable":true,"href":"http:\/\/www.soniamoura.com.br\/index.php?rest_route=%2Fwp%2Fv2%2Ftags&post=101"}],"curies":[{"name":"wp","href":"https:\/\/api.w.org\/{rel}","templated":true}]}}